{"id":2882,"date":"2021-11-01T13:10:23","date_gmt":"2021-11-01T12:10:23","guid":{"rendered":"http:\/\/dev.mrsdivi.com\/?p=2882"},"modified":"2021-12-07T21:38:28","modified_gmt":"2021-12-07T20:38:28","slug":"11-martina-ireinova-petra-pradkova-eds-slovansky-jazykovy-atlas-svazek-9","status":"publish","type":"post","link":"http:\/\/dev.mrsdivi.com\/en\/11-martina-ireinova-petra-pradkova-eds-slovansky-jazykovy-atlas-svazek-9\/","title":{"rendered":"(11) Martina Ireinov\u00e1, Petra P\u0159adkov\u00e1 (eds.): SLOVANSK\u00dd JAZYKOV\u00dd ATLAS, SVAZEK 9."},"content":{"rendered":"\n<figure class=\"wp-block-image size-full\"><img loading=\"lazy\" decoding=\"async\" width=\"183\" height=\"275\" src=\"http:\/\/dev.mrsdivi.com\/wp-content\/uploads\/2021\/11\/inde.jpg\" alt=\"\" class=\"wp-image-3153\"\/><\/figure>\n\n\n\n<p>Academia, Praha 2020. 1. vyd. 192 s. \u010cesky, rusky. Mezin\u00e1rodn\u00ed projekt, jeho\u017e se \u00fa\u010dastn\u00ed univerzitn\u00ed a akademick\u00e1 pracovi\u0161t\u011b v\u0161ech slovansk\u00fdch n\u00e1rod\u016f. Dosud bylo od roku 1965 zpracov\u00e1no a vyd\u00e1no patn\u00e1ct fonetick\u00fdch a lexik\u00e1ln\u00edch svazk\u016f v r\u016fzn\u00fdch slovansk\u00fdch zem\u00edch. Dialektologick\u00e9 odd\u011blen\u00ed \u00daJ\u010c AV \u010cR, v. v. i., zpracovalo mapy a koment\u00e1\u0159e pro fonetick\u00fd svazek Reflexy *tort, *tolt, *tert, *telt, *ort, *olt; kter\u00fd vych\u00e1z\u00ed pod \u010deskou redakc\u00ed. ISBN 978-80-200-3105-1. K\u010d 895,00.<\/p>\n","protected":false},"excerpt":{"rendered":"<p>Academia, Praha 2020. 1. vyd. 192 s. \u010cesky, rusky. Mezin\u00e1rodn\u00ed projekt, jeho\u017e se \u00fa\u010dastn\u00ed univerzitn\u00ed a akademick\u00e1 pracovi\u0161t\u011b v\u0161ech slovansk\u00fdch n\u00e1rod\u016f. Dosud bylo od roku 1965 zpracov\u00e1no a vyd\u00e1no patn\u00e1ct fonetick\u00fdch a lexik\u00e1ln\u00edch svazk\u016f v r\u016fzn\u00fdch slovansk\u00fdch zem\u00edch. Dialektologick\u00e9 odd\u011blen\u00ed \u00daJ\u010c AV \u010cR, v. v. i., zpracovalo mapy a koment\u00e1\u0159e pro fonetick\u00fd svazek Reflexy *tort, [&hellip;]<\/p>\n","protected":false},"author":130,"featured_media":0,"comment_status":"open","ping_status":"open","sticky":false,"template":"","format":"standard","meta":{"_acf_changed":false,"_seopress_robots_primary_cat":"none","_seopress_titles_title":"","_seopress_titles_desc":"Academia, Praha 2020. \u010cesky, rusky. Mezin\u00e1rodn\u00ed projekt, jeho\u017e se \u00fa\u010dastn\u00ed univerzitn\u00ed a akademick\u00e1 pracovi\u0161t\u011b v\u0161ech slovansk\u00fdch n\u00e1rod\u016f. ","_seopress_robots_index":"","_et_pb_use_builder":"","_et_pb_old_content":"","_et_gb_content_width":"","footnotes":""},"categories":[88],"tags":[],"class_list":["post-2882","post","type-post","status-publish","format-standard","hentry","category-2020-2021"],"acf":[],"_links":{"self":[{"href":"http:\/\/dev.mrsdivi.com\/en\/wp-json\/wp\/v2\/posts\/2882"}],"collection":[{"href":"http:\/\/dev.mrsdivi.com\/en\/wp-json\/wp\/v2\/posts"}],"about":[{"href":"http:\/\/dev.mrsdivi.com\/en\/wp-json\/wp\/v2\/types\/post"}],"author":[{"embeddable":true,"href":"http:\/\/dev.mrsdivi.com\/en\/wp-json\/wp\/v2\/users\/130"}],"replies":[{"embeddable":true,"href":"http:\/\/dev.mrsdivi.com\/en\/wp-json\/wp\/v2\/comments?post=2882"}],"version-history":[{"count":2,"href":"http:\/\/dev.mrsdivi.com\/en\/wp-json\/wp\/v2\/posts\/2882\/revisions"}],"predecessor-version":[{"id":3155,"href":"http:\/\/dev.mrsdivi.com\/en\/wp-json\/wp\/v2\/posts\/2882\/revisions\/3155"}],"wp:attachment":[{"href":"http:\/\/dev.mrsdivi.com\/en\/wp-json\/wp\/v2\/media?parent=2882"}],"wp:term":[{"taxonomy":"category","embeddable":true,"href":"http:\/\/dev.mrsdivi.com\/en\/wp-json\/wp\/v2\/categories?post=2882"},{"taxonomy":"post_tag","embeddable":true,"href":"http:\/\/dev.mrsdivi.com\/en\/wp-json\/wp\/v2\/tags?post=2882"}],"curies":[{"name":"wp","href":"https:\/\/api.w.org\/{rel}","templated":true}]}}