{"id":3673,"date":"2021-12-10T18:11:48","date_gmt":"2021-12-10T17:11:48","guid":{"rendered":"http:\/\/dev.mrsdivi.com\/?p=3673"},"modified":"2021-12-10T18:11:50","modified_gmt":"2021-12-10T17:11:50","slug":"34-petr-blazek-radek-schovanek-prvnich-100-dnu-charty-77","status":"publish","type":"post","link":"http:\/\/dev.mrsdivi.com\/en\/34-petr-blazek-radek-schovanek-prvnich-100-dnu-charty-77\/","title":{"rendered":"(34) Petr Bla\u017eek, Radek Schov\u00e1nek: PRVN\u00cdCH 100 DN\u016e CHARTY 77"},"content":{"rendered":"\n<figure class=\"wp-block-image size-full\"><img loading=\"lazy\" decoding=\"async\" width=\"175\" height=\"248\" src=\"http:\/\/dev.mrsdivi.com\/wp-content\/uploads\/2021\/12\/blazek_Prvnich.jpg\" alt=\"\" class=\"wp-image-3675\"\/><\/figure>\n\n\n\n<p>Academia, Praha 2018. 1. vyd. 252 s. Pr\u016fvodce p\u0159edstavuje historick\u00e9 ud\u00e1losti, kter\u00e9 bezprost\u0159edn\u011b vedly ke vzniku Charty 77 a z\u00e1sadn\u00edm zp\u016fsobem ovlivnily jej\u00ed podobu, strukturu signat\u00e1\u0159\u016f a strategii jejich \u010dinnosti. Ustaven\u00ed Charty 77 vzbudilo mimo\u0159\u00e1dn\u00fd ohlas a bylo jedn\u00edm z d\u016fvod\u016f masivn\u00ed propagandistick\u00e9 a represivn\u00ed kampan\u011b, kterou proti signat\u00e1\u0159\u016fm Charty 77 iniciovali p\u0159edstavitel\u00e9 komunistick\u00e9ho re\u017eimu. Kniha je koncipov\u00e1na jako historick\u00e1 kol\u00e1\u017e, kter\u00e1 plasticky p\u0159ibli\u017euje hlavn\u00ed ud\u00e1losti odehr\u00e1vaj\u00edc\u00ed se nejen v \u010ceskoslovensku, zejm\u00e9na v Praze, ale i za hranicemi. Publikace je vybavena \u0159adou dobov\u00fdch fotografi\u00ed a dokument\u016f, kter\u00e9 ilustruj\u00ed tehdej\u0161\u00ed d\u011bn\u00ed od vzniku Prohl\u00e1\u0161en\u00ed Charty 77 a\u017e po poh\u0159eb prof. Jana Pato\u010dky. ISBN 987-80-200-2782-5. K\u010d 650,00.<\/p>\n","protected":false},"excerpt":{"rendered":"<p>Academia, Praha 2018. 1. vyd. 252 s. Pr\u016fvodce p\u0159edstavuje historick\u00e9 ud\u00e1losti, kter\u00e9 bezprost\u0159edn\u011b vedly ke vzniku Charty 77 a z\u00e1sadn\u00edm zp\u016fsobem ovlivnily jej\u00ed podobu, strukturu signat\u00e1\u0159\u016f a strategii jejich \u010dinnosti. Ustaven\u00ed Charty 77 vzbudilo mimo\u0159\u00e1dn\u00fd ohlas a bylo jedn\u00edm z d\u016fvod\u016f masivn\u00ed propagandistick\u00e9 a represivn\u00ed kampan\u011b, kterou proti signat\u00e1\u0159\u016fm Charty 77 iniciovali p\u0159edstavitel\u00e9 komunistick\u00e9ho re\u017eimu. [&hellip;]<\/p>\n","protected":false},"author":459,"featured_media":0,"comment_status":"open","ping_status":"open","sticky":false,"template":"","format":"standard","meta":{"_acf_changed":false,"_seopress_robots_primary_cat":"none","_seopress_titles_title":"","_seopress_titles_desc":"Pr\u016fvodce p\u0159edstavuje historick\u00e9 ud\u00e1losti, kter\u00e9 bezprost\u0159edn\u011b vedly ke vzniku Charty 77 a z\u00e1sadn\u00edm zp\u016fsobem ovlivnily jej\u00ed podobu, strukturu signat\u00e1\u0159\u016f a strategii jejich \u010dinnosti. ","_seopress_robots_index":"","_et_pb_use_builder":"","_et_pb_old_content":"","_et_gb_content_width":"","footnotes":""},"categories":[86],"tags":[],"class_list":["post-3673","post","type-post","status-publish","format-standard","hentry","category-86"],"acf":[],"_links":{"self":[{"href":"http:\/\/dev.mrsdivi.com\/en\/wp-json\/wp\/v2\/posts\/3673"}],"collection":[{"href":"http:\/\/dev.mrsdivi.com\/en\/wp-json\/wp\/v2\/posts"}],"about":[{"href":"http:\/\/dev.mrsdivi.com\/en\/wp-json\/wp\/v2\/types\/post"}],"author":[{"embeddable":true,"href":"http:\/\/dev.mrsdivi.com\/en\/wp-json\/wp\/v2\/users\/459"}],"replies":[{"embeddable":true,"href":"http:\/\/dev.mrsdivi.com\/en\/wp-json\/wp\/v2\/comments?post=3673"}],"version-history":[{"count":1,"href":"http:\/\/dev.mrsdivi.com\/en\/wp-json\/wp\/v2\/posts\/3673\/revisions"}],"predecessor-version":[{"id":3677,"href":"http:\/\/dev.mrsdivi.com\/en\/wp-json\/wp\/v2\/posts\/3673\/revisions\/3677"}],"wp:attachment":[{"href":"http:\/\/dev.mrsdivi.com\/en\/wp-json\/wp\/v2\/media?parent=3673"}],"wp:term":[{"taxonomy":"category","embeddable":true,"href":"http:\/\/dev.mrsdivi.com\/en\/wp-json\/wp\/v2\/categories?post=3673"},{"taxonomy":"post_tag","embeddable":true,"href":"http:\/\/dev.mrsdivi.com\/en\/wp-json\/wp\/v2\/tags?post=3673"}],"curies":[{"name":"wp","href":"https:\/\/api.w.org\/{rel}","templated":true}]}}