{"id":3955,"date":"2021-11-01T09:40:00","date_gmt":"2021-11-01T08:40:00","guid":{"rendered":"http:\/\/dev.mrsdivi.com\/?p=3955"},"modified":"2022-01-04T13:48:38","modified_gmt":"2022-01-04T12:48:38","slug":"32pavel-smejkal-s-moskvou-za-zady","status":"publish","type":"post","link":"http:\/\/dev.mrsdivi.com\/en\/32pavel-smejkal-s-moskvou-za-zady\/","title":{"rendered":"(32)\tPavel \u0160mejkal: S MOSKVOU ZA Z\u00c1DY"},"content":{"rendered":"\n<p><\/p>\n\n\n\n<figure class=\"wp-block-image\"><img decoding=\"async\" src=\"https:\/\/www.academia.cz\/uploads\/cover\/\/a4\/4c1df764.jpg\" alt=\"\"\/><\/figure>\n\n\n\n<p>Academia, Praha 2021. 1. vyd. 1028 s. Kniha \u010dten\u00e1\u0159\u016fm p\u0159ibli\u017euje m\u00edsta, kter\u00e1 jsou spojena s \u010dinnost\u00ed lid\u00ed, ji\u017e se v dob\u011b druh\u00e9 sv\u011btov\u00e9 v\u00e1lky zapojili do odbojov\u00e9 \u010dinnosti nav\u00e1zan\u00e9 na tehdej\u0161\u00ed Sov\u011btsk\u00fd svaz. Od zpravodajc\u016f, kte\u0159\u00ed v protektor\u00e1tu p\u016fsobili od rozpadu \u010ceskoslovenska, p\u0159es v\u00fdsadky vys\u00edlan\u00e9 z r\u016fzn\u00fdch center ze Sov\u011btsk\u00e9ho svazu s \u00fakoly zpravodajsk\u00fdmi a\u017e po skupiny ryze bojov\u00e9, vysazen\u00e9 s c\u00edlem vytvo\u0159it na okupovan\u00e9m \u00fazem\u00ed partyz\u00e1nsk\u00e9 skupiny a pos\u00edlit ozbrojen\u00fd boj proti nacist\u016fm. Krom\u011b osud\u016f konkr\u00e9tn\u00edch voj\u00e1k\u016f, ob\u010dan\u016f p\u0159edv\u00e1le\u010dn\u00e9ho \u010ceskoslovenska, z nich\u017e v\u011bt\u0161ina v SSSR pro\u0161la speci\u00e1ln\u00edm v\u00fdcvikem, jsou v knize vzpom\u00edn\u00e1ni i jejich dom\u00e1c\u00ed pomocn\u00edci, bez kter\u00fdch by se stanoven\u00e9 c\u00edle nepoda\u0159ilo splnit. ISBN 978-80-200-3099-3. K\u010d 1200,00.<\/p>\n","protected":false},"excerpt":{"rendered":"<p>Academia, Praha 2021. 1. vyd. 1028 s. Kniha \u010dten\u00e1\u0159\u016fm p\u0159ibli\u017euje m\u00edsta, kter\u00e1 jsou spojena s \u010dinnost\u00ed lid\u00ed, ji\u017e se v dob\u011b druh\u00e9 sv\u011btov\u00e9 v\u00e1lky zapojili do odbojov\u00e9 \u010dinnosti nav\u00e1zan\u00e9 na tehdej\u0161\u00ed Sov\u011btsk\u00fd svaz. Od zpravodajc\u016f, kte\u0159\u00ed v protektor\u00e1tu p\u016fsobili od rozpadu \u010ceskoslovenska, p\u0159es v\u00fdsadky vys\u00edlan\u00e9 z r\u016fzn\u00fdch center ze Sov\u011btsk\u00e9ho svazu s \u00fakoly zpravodajsk\u00fdmi a\u017e [&hellip;]<\/p>\n","protected":false},"author":459,"featured_media":0,"comment_status":"open","ping_status":"open","sticky":false,"template":"","format":"standard","meta":{"_acf_changed":false,"_seopress_robots_primary_cat":"none","_seopress_titles_title":"","_seopress_titles_desc":"Kniha \u010dten\u00e1\u0159\u016fm p\u0159ibli\u017euje m\u00edsta, kter\u00e1 jsou spojena s \u010dinnost\u00ed lid\u00ed, ji\u017e se v dob\u011b druh\u00e9 sv\u011btov\u00e9 v\u00e1lky zapojili do odbojov\u00e9 \u010dinnosti nav\u00e1zan\u00e9 na tehdej\u0161\u00ed Sov\u011btsk\u00fd svaz. ","_seopress_robots_index":"","_et_pb_use_builder":"","_et_pb_old_content":"","_et_gb_content_width":"","footnotes":""},"categories":[88],"tags":[],"class_list":["post-3955","post","type-post","status-publish","format-standard","hentry","category-2020-2021"],"acf":[],"_links":{"self":[{"href":"http:\/\/dev.mrsdivi.com\/en\/wp-json\/wp\/v2\/posts\/3955"}],"collection":[{"href":"http:\/\/dev.mrsdivi.com\/en\/wp-json\/wp\/v2\/posts"}],"about":[{"href":"http:\/\/dev.mrsdivi.com\/en\/wp-json\/wp\/v2\/types\/post"}],"author":[{"embeddable":true,"href":"http:\/\/dev.mrsdivi.com\/en\/wp-json\/wp\/v2\/users\/459"}],"replies":[{"embeddable":true,"href":"http:\/\/dev.mrsdivi.com\/en\/wp-json\/wp\/v2\/comments?post=3955"}],"version-history":[{"count":4,"href":"http:\/\/dev.mrsdivi.com\/en\/wp-json\/wp\/v2\/posts\/3955\/revisions"}],"predecessor-version":[{"id":4370,"href":"http:\/\/dev.mrsdivi.com\/en\/wp-json\/wp\/v2\/posts\/3955\/revisions\/4370"}],"wp:attachment":[{"href":"http:\/\/dev.mrsdivi.com\/en\/wp-json\/wp\/v2\/media?parent=3955"}],"wp:term":[{"taxonomy":"category","embeddable":true,"href":"http:\/\/dev.mrsdivi.com\/en\/wp-json\/wp\/v2\/categories?post=3955"},{"taxonomy":"post_tag","embeddable":true,"href":"http:\/\/dev.mrsdivi.com\/en\/wp-json\/wp\/v2\/tags?post=3955"}],"curies":[{"name":"wp","href":"https:\/\/api.w.org\/{rel}","templated":true}]}}